{"id":467,"date":"2024-01-09T12:01:03","date_gmt":"2024-01-09T11:01:03","guid":{"rendered":"https:\/\/conducta-suicida.cisa-uma.es\/?p=467"},"modified":"2024-01-09T12:30:29","modified_gmt":"2024-01-09T11:30:29","slug":"la-droga-de-laura-adicta-al-movil-a-los-14-anos-la-evito-por-no-enfrentarme-pero-ella-me-provoca-necesita-chocar-y-todo-para-conseguir-el-telefono","status":"publish","type":"post","link":"https:\/\/conducta-suicida.cisa-uma.es\/?p=467","title":{"rendered":"La droga de Laura, adicta al m\u00f3vil a los 14 a\u00f1os: \u00abLa evito por no enfrentarme, pero ella me provoca, necesita chocar, y todo para conseguir el tel\u00e9fono\u00bb"},"content":{"rendered":"\t\t<div data-elementor-type=\"wp-post\" data-elementor-id=\"467\" class=\"elementor elementor-467\">\n\t\t\t\t<div class=\"elementor-element elementor-element-6662bd5 e-flex e-con-boxed e-con e-parent\" data-id=\"6662bd5\" data-element_type=\"container\" data-e-type=\"container\">\n\t\t\t\t\t<div class=\"e-con-inner\">\n\t\t\t\t<div class=\"elementor-element elementor-element-2cdacd9 elementor-widget elementor-widget-image\" data-id=\"2cdacd9\" data-element_type=\"widget\" data-e-type=\"widget\" data-widget_type=\"image.default\">\n\t\t\t\t<div class=\"elementor-widget-container\">\n\t\t\t\t\t\t\t\t\t\t\t\t\t\t\t<img fetchpriority=\"high\" decoding=\"async\" width=\"768\" height=\"582\" src=\"https:\/\/conducta-suicida.cisa-uma.es\/wp-content\/uploads\/2024\/01\/Adiccion-movil-768x582.jpg\" class=\"attachment-medium_large size-medium_large wp-image-469\" alt=\"\" srcset=\"https:\/\/conducta-suicida.cisa-uma.es\/wp-content\/uploads\/2024\/01\/Adiccion-movil-768x582.jpg 768w, https:\/\/conducta-suicida.cisa-uma.es\/wp-content\/uploads\/2024\/01\/Adiccion-movil-300x227.jpg 300w, https:\/\/conducta-suicida.cisa-uma.es\/wp-content\/uploads\/2024\/01\/Adiccion-movil-1024x776.jpg 1024w, https:\/\/conducta-suicida.cisa-uma.es\/wp-content\/uploads\/2024\/01\/Adiccion-movil.jpg 1183w\" sizes=\"(max-width: 768px) 100vw, 768px\" \/>\t\t\t\t\t\t\t\t\t\t\t\t\t\t\t<\/div>\n\t\t\t\t<\/div>\n\t\t\t\t<div class=\"elementor-element elementor-element-637c809 elementor-widget elementor-widget-heading\" data-id=\"637c809\" data-element_type=\"widget\" data-e-type=\"widget\" data-widget_type=\"heading.default\">\n\t\t\t\t<div class=\"elementor-widget-container\">\n\t\t\t\t\t<h2 class=\"elementor-heading-title elementor-size-default\"><a href=\"https:\/\/www.elmundo.es\/papel\/historias\/2024\/01\/03\/65955428e9cf4aa8658b4597.html\"><h2 data-elementor-setting-key=\"title\" data-pen-placeholder=\"Teclea aqu\u00ed...\" style=\"font-size: 21px;font-weight: 600;font-family: Roboto, sans-serif;letter-spacing: normal;text-transform: none\">Enlace a la noticia completa<\/h2><\/a><\/h2>\t\t\t\t<\/div>\n\t\t\t\t<\/div>\n\t\t\t\t\t<\/div>\n\t\t\t\t<\/div>\n\t\t<div class=\"elementor-element elementor-element-2be2747 e-flex e-con-boxed e-con e-parent\" data-id=\"2be2747\" data-element_type=\"container\" data-e-type=\"container\">\n\t\t\t\t\t<div class=\"e-con-inner\">\n\t\t\t\t<div class=\"elementor-element elementor-element-6b34030 elementor-widget elementor-widget-heading\" data-id=\"6b34030\" data-element_type=\"widget\" data-e-type=\"widget\" data-widget_type=\"heading.default\">\n\t\t\t\t<div class=\"elementor-widget-container\">\n\t\t\t\t\t<h2 class=\"elementor-heading-title elementor-size-default\">El Mundo (04\/01\/2024)<\/h2>\t\t\t\t<\/div>\n\t\t\t\t<\/div>\n\t\t\t\t<div class=\"elementor-element elementor-element-a16c40a elementor-widget elementor-widget-text-editor\" data-id=\"a16c40a\" data-element_type=\"widget\" data-e-type=\"widget\" data-widget_type=\"text-editor.default\">\n\t\t\t\t<div class=\"elementor-widget-container\">\n\t\t\t\t\t\t\t\t\t<p>Siete de cada 10 menores espa\u00f1oles de entre 10 y 15 a\u00f1os tienen smartphone y el 33% tiene riesgo de hacer un uso compulsivo. Laura estuvo un a\u00f1o en terapia. \u00abYa les he pedido que volvamos\u00bb, cuenta su madre. \u00abNo se controla y nosotros tampoco la controlamos\u00bb<\/p><figure id=\"graphic-6595aa74fdddff0d688b4585\" class=\"ue-c-article__media ue-c-article__media--graph\"><div class=\"ue-c-article__media-img-container ue-l-article--expand-edge-right-until-tablet ue-l-article--expand-edge-left-until-tablet\">\u00a0<\/div><\/figure>\t\t\t\t\t\t\t\t<\/div>\n\t\t\t\t<\/div>\n\t\t\t\t\t<\/div>\n\t\t\t\t<\/div>\n\t\t\t\t<\/div>\n\t\t","protected":false},"excerpt":{"rendered":"<p>Enlace a la noticia completa El Mundo (04\/01\/2024) Siete de cada 10 menores espa\u00f1oles de entre 10 y 15 a\u00f1os tienen smartphone y el 33% tiene riesgo de hacer un uso compulsivo. Laura estuvo un a\u00f1o en terapia. \u00abYa les he pedido que volvamos\u00bb, cuenta su madre. \u00abNo se controla y nosotros tampoco la controlamos\u00bb&hellip;&nbsp;<a href=\"https:\/\/conducta-suicida.cisa-uma.es\/?p=467\" rel=\"bookmark\">Leer m\u00e1s &raquo;<span class=\"screen-reader-text\">La droga de Laura, adicta al m\u00f3vil a los 14 a\u00f1os: \u00abLa evito por no enfrentarme, pero ella me provoca, necesita chocar, y todo para conseguir el tel\u00e9fono\u00bb<\/span><\/a><\/p>\n","protected":false},"author":1,"featured_media":469,"comment_status":"open","ping_status":"open","sticky":false,"template":"","format":"standard","meta":{"neve_meta_sidebar":"","neve_meta_container":"","neve_meta_enable_content_width":"","neve_meta_content_width":0,"neve_meta_title_alignment":"","neve_meta_author_avatar":"","neve_post_elements_order":"","neve_meta_disable_header":"","neve_meta_disable_footer":"","neve_meta_disable_title":"","footnotes":""},"categories":[1],"tags":[],"class_list":["post-467","post","type-post","status-publish","format-standard","has-post-thumbnail","hentry","category-sin-categoria"],"_links":{"self":[{"href":"https:\/\/conducta-suicida.cisa-uma.es\/index.php?rest_route=\/wp\/v2\/posts\/467","targetHints":{"allow":["GET"]}}],"collection":[{"href":"https:\/\/conducta-suicida.cisa-uma.es\/index.php?rest_route=\/wp\/v2\/posts"}],"about":[{"href":"https:\/\/conducta-suicida.cisa-uma.es\/index.php?rest_route=\/wp\/v2\/types\/post"}],"author":[{"embeddable":true,"href":"https:\/\/conducta-suicida.cisa-uma.es\/index.php?rest_route=\/wp\/v2\/users\/1"}],"replies":[{"embeddable":true,"href":"https:\/\/conducta-suicida.cisa-uma.es\/index.php?rest_route=%2Fwp%2Fv2%2Fcomments&post=467"}],"version-history":[{"count":4,"href":"https:\/\/conducta-suicida.cisa-uma.es\/index.php?rest_route=\/wp\/v2\/posts\/467\/revisions"}],"predecessor-version":[{"id":472,"href":"https:\/\/conducta-suicida.cisa-uma.es\/index.php?rest_route=\/wp\/v2\/posts\/467\/revisions\/472"}],"wp:featuredmedia":[{"embeddable":true,"href":"https:\/\/conducta-suicida.cisa-uma.es\/index.php?rest_route=\/wp\/v2\/media\/469"}],"wp:attachment":[{"href":"https:\/\/conducta-suicida.cisa-uma.es\/index.php?rest_route=%2Fwp%2Fv2%2Fmedia&parent=467"}],"wp:term":[{"taxonomy":"category","embeddable":true,"href":"https:\/\/conducta-suicida.cisa-uma.es\/index.php?rest_route=%2Fwp%2Fv2%2Fcategories&post=467"},{"taxonomy":"post_tag","embeddable":true,"href":"https:\/\/conducta-suicida.cisa-uma.es\/index.php?rest_route=%2Fwp%2Fv2%2Ftags&post=467"}],"curies":[{"name":"wp","href":"https:\/\/api.w.org\/{rel}","templated":true}]}}