{"id":455,"date":"2024-01-05T12:28:37","date_gmt":"2024-01-05T11:28:37","guid":{"rendered":"https:\/\/conducta-suicida.cisa-uma.es\/?p=455"},"modified":"2024-01-05T12:36:04","modified_gmt":"2024-01-05T11:36:04","slug":"necesitamos-un-plan-nacional-contra-el-suicidio-el-sistema-no-esta-funcionando","status":"publish","type":"post","link":"https:\/\/conducta-suicida.cisa-uma.es\/?p=455","title":{"rendered":"\u00abNecesitamos un Plan Nacional contra el Suicidio, el sistema no est\u00e1 funcionando\u00bb"},"content":{"rendered":"\t\t<div data-elementor-type=\"wp-post\" data-elementor-id=\"455\" class=\"elementor elementor-455\">\n\t\t\t\t<div class=\"elementor-element elementor-element-6662bd5 e-flex e-con-boxed e-con e-parent\" data-id=\"6662bd5\" data-element_type=\"container\" data-e-type=\"container\">\n\t\t\t\t\t<div class=\"e-con-inner\">\n\t\t\t\t<div class=\"elementor-element elementor-element-2cdacd9 elementor-widget elementor-widget-image\" data-id=\"2cdacd9\" data-element_type=\"widget\" data-e-type=\"widget\" data-widget_type=\"image.default\">\n\t\t\t\t<div class=\"elementor-widget-container\">\n\t\t\t\t\t\t\t\t\t\t\t\t\t\t\t<img fetchpriority=\"high\" decoding=\"async\" width=\"746\" height=\"582\" src=\"https:\/\/conducta-suicida.cisa-uma.es\/wp-content\/uploads\/2024\/01\/17043045741832.webp\" class=\"attachment-medium_large size-medium_large wp-image-457\" alt=\"\" srcset=\"https:\/\/conducta-suicida.cisa-uma.es\/wp-content\/uploads\/2024\/01\/17043045741832.webp 746w, https:\/\/conducta-suicida.cisa-uma.es\/wp-content\/uploads\/2024\/01\/17043045741832-300x234.webp 300w\" sizes=\"(max-width: 746px) 100vw, 746px\" \/>\t\t\t\t\t\t\t\t\t\t\t\t\t\t\t<\/div>\n\t\t\t\t<\/div>\n\t\t\t\t<div class=\"elementor-element elementor-element-637c809 elementor-widget elementor-widget-heading\" data-id=\"637c809\" data-element_type=\"widget\" data-e-type=\"widget\" data-widget_type=\"heading.default\">\n\t\t\t\t<div class=\"elementor-widget-container\">\n\t\t\t\t\t<h2 class=\"elementor-heading-title elementor-size-default\"><a href=\"https:\/\/www.elmundo.es\/ciencia-y-salud\/salud\/2024\/01\/04\/65959fe5e4d4d8bb268b45a4.html\"><h2 data-elementor-setting-key=\"title\" data-pen-placeholder=\"Teclea aqu\u00ed...\" style=\"font-size: 21px;font-weight: 600;font-family: Roboto, sans-serif;letter-spacing: normal;text-transform: none\">Enlace a la noticia completa<\/h2><\/a><\/h2>\t\t\t\t<\/div>\n\t\t\t\t<\/div>\n\t\t\t\t\t<\/div>\n\t\t\t\t<\/div>\n\t\t<div class=\"elementor-element elementor-element-2be2747 e-flex e-con-boxed e-con e-parent\" data-id=\"2be2747\" data-element_type=\"container\" data-e-type=\"container\">\n\t\t\t\t\t<div class=\"e-con-inner\">\n\t\t\t\t<div class=\"elementor-element elementor-element-6b34030 elementor-widget elementor-widget-heading\" data-id=\"6b34030\" data-element_type=\"widget\" data-e-type=\"widget\" data-widget_type=\"heading.default\">\n\t\t\t\t<div class=\"elementor-widget-container\">\n\t\t\t\t\t<h2 class=\"elementor-heading-title elementor-size-default\">El Mundo (04\/01\/2024)<\/h2>\t\t\t\t<\/div>\n\t\t\t\t<\/div>\n\t\t\t\t<div class=\"elementor-element elementor-element-a16c40a elementor-widget elementor-widget-text-editor\" data-id=\"a16c40a\" data-element_type=\"widget\" data-e-type=\"widget\" data-widget_type=\"text-editor.default\">\n\t\t\t\t<div class=\"elementor-widget-container\">\n\t\t\t\t\t\t\t\t\t<p>Expertos en Salud Mental constatan un aumento de las consultas por problemas como ansiedad, depresi\u00f3n o intentos suicidas. La pandemia ha exacerbado una tendencia ya al alza<\/p><p>La salud mental es una de las \u00e1reas que m\u00e1s desaf\u00edos plantea hoy en d\u00eda al Sistema Nacional de Salud, que en los \u00faltimos a\u00f1os ha visto aumentar significativamente las consultas por trastornos como la ansiedad o la depresi\u00f3n.<\/p><p>Detr\u00e1s de este incremento hay un c\u00famulo de factores, tal y como explica Alejandro de la Torre, profesor e investigador principal del Grupo de Investigaci\u00f3n en Epidemiolog\u00eda Psiqui\u00e1trica y Salud Mental de la Universidad Complutense de Madrid.<\/p><p>\u00abEstamos en \u00e9pocas complicadas para muchas personas. Hemos vivido una pandemia que ha obligado a llevar a cabo muchas adaptaciones en la vida diaria y ha provocado situaciones como la p\u00e9rdida del trabajo o hacinamientos en el hogar, entre otros estresores de la vida cotidiana. En la transici\u00f3n hacia la postpandemia, adem\u00e1s, se produjo la guerra en Ucrania, que ha tenido una repercusi\u00f3n global y se ha notado en el aumento de los precios, entre otros condicionantes. Esos y otros distintos estresores se han unido a otros factores que previamente ya estaban ejerciendo un impacto, como la inmediatez que rige nuestra sociedad, en la que todo tiene que ser r\u00e1pido. O la dictadura de la felicidad, esa happycracia que tanto se ve en las redes sociales donde parece que todo tiene que ser siempre perfecto y hay que mostrar una imagen positiva. Todo eso est\u00e1 provocando un empeoramiento de la salud mental de los espa\u00f1oles en general y de los j\u00f3venes en particular\u00bb, se\u00f1ala De la Torre.<\/p><p>\u00abEste empeoramiento y este aumento de las consultas se lleva viendo hace tiempo\u00bb, corrobora Carmen Moreno, jefa de secci\u00f3n en el Instituto de Psiquiatr\u00eda y Salud Mental del Hospital Universitario Gregorio Mara\u00f1\u00f3n de Madrid. \u00abLa situaci\u00f3n de confinamiento derivada de la pandemia ha podido actuar como catalizador. En j\u00f3venes que pasaban por un momento en el que la socializaci\u00f3n es clave ha tenido un impacto porque ha hecho que se vean privados de posibilidad de socializar. La vuelta a la normalidad para un porcentaje razonablemente importante de personas ha resultado m\u00e1s dif\u00edcil. Eso, recientemente, ha podido ser un condicionamiento, pero sin duda era una tendencia que ya ve\u00edamos desde a\u00f1os antes de la pandemia\u00bb, se\u00f1ala.<\/p><p>Adem\u00e1s de los problemas de ansiedad o la depresi\u00f3n, que se estima que puede afectar hasta al 15% de la poblaci\u00f3n a lo largo de su vida, en los \u00faltimos a\u00f1os han aumentado significativamente los problemas de trastornos de la alimentaci\u00f3n, sobre todo en los j\u00f3venes, se\u00f1ala De la Torre. \u00abAlgunos estudios muestran un aumento de hasta cuatro veces en el n\u00famero de casos\u00bb.<\/p><p>EL DRAMA DEL SUICIDIO<\/p><p>Adem\u00e1s, al especialista le preocupa especialmente el alza que se est\u00e1 produciendo en el n\u00famero de suicidios. \u00abPor desgracia, llevamos cuatro a\u00f1os con aumento consecutivo en el n\u00famero de v\u00edctimas, de personas que fallecen por suicidio\u00bb, expone.<\/p><p>\u00abEs cr\u00edtico el aumento que se ha visto en chicas adolescentes, sobre todo y tambi\u00e9n en poblaci\u00f3n inmigrante. Han aumentado en los \u00faltimos a\u00f1os casi un 33% las muertes de personas que no nacieron en Espa\u00f1a\u00bb. Otro colectivo vulnerable, a\u00f1ade el especialista, es el LGTBIQ+. \u00abEl riesgo es tres veces superior que el de las personas heterosexuales\u00bb.<\/p><p>\u00a0<\/p><p>Para De la Torre hace falta una acci\u00f3n conjunta que aborde esta crisis en nuestro pa\u00eds. \u00abEl problema que tiene Espa\u00f1a, desde mi punto de vista y desde el de muchos te\u00f3ricos e investigadores del suicidio, es que tenemos 18 planes auton\u00f3micos contra el suicidio, cuando el suicidio es un problema poli\u00e9drico, un fen\u00f3meno complejo que requiere una acci\u00f3n intersectorial conjunta. Necesitamos un Plan Nacional contra el suicidio. Muchos pa\u00edses lo han implementado y hay resultados claros y robustos donde se indica que se doblegan las curvas de mortalidad por suicidio. Dinamarca es un ejemplo bastante claro, donde han puesto en marcha un programa integral que ha funcionado\u00bb, subraya.<\/p><p>El investigador recuerda que un plan nacional fue el que permiti\u00f3 reducir el n\u00famero de accidentes de tr\u00e1fico en casi un cuarto. \u00abEs un ejemplo de que cuando se hacen cosas de forma consensuada y coordinada, se producen los resultados esperados\u00bb.<\/p><p>De la Torre tambi\u00e9n echa en falta que el sistema dedique m\u00e1s recursos a la detecci\u00f3n de problemas de salud mental en Atenci\u00f3n Primaria. \u00abHay comunidades aut\u00f3nomas que est\u00e1n un poco m\u00e1s avanzadas, pero en otras falta bastante por hacer. Creo que la figura de un psic\u00f3logo de Atenci\u00f3n Primaria es algo que deber\u00eda ser imprescindible\u00bb.<\/p>\t\t\t\t\t\t\t\t<\/div>\n\t\t\t\t<\/div>\n\t\t\t\t\t<\/div>\n\t\t\t\t<\/div>\n\t\t\t\t<\/div>\n\t\t","protected":false},"excerpt":{"rendered":"<p>Enlace a la noticia completa El Mundo (04\/01\/2024) Expertos en Salud Mental constatan un aumento de las consultas por problemas como ansiedad, depresi\u00f3n o intentos suicidas. La pandemia ha exacerbado una tendencia ya al alza La salud mental es una de las \u00e1reas que m\u00e1s desaf\u00edos plantea hoy en d\u00eda al Sistema Nacional de Salud,&hellip;&nbsp;<a href=\"https:\/\/conducta-suicida.cisa-uma.es\/?p=455\" rel=\"bookmark\">Leer m\u00e1s &raquo;<span class=\"screen-reader-text\">\u00abNecesitamos un Plan Nacional contra el Suicidio, el sistema no est\u00e1 funcionando\u00bb<\/span><\/a><\/p>\n","protected":false},"author":1,"featured_media":457,"comment_status":"open","ping_status":"open","sticky":false,"template":"","format":"standard","meta":{"neve_meta_sidebar":"","neve_meta_container":"","neve_meta_enable_content_width":"","neve_meta_content_width":0,"neve_meta_title_alignment":"","neve_meta_author_avatar":"","neve_post_elements_order":"","neve_meta_disable_header":"","neve_meta_disable_footer":"","neve_meta_disable_title":"","footnotes":""},"categories":[1],"tags":[],"class_list":["post-455","post","type-post","status-publish","format-standard","has-post-thumbnail","hentry","category-sin-categoria"],"_links":{"self":[{"href":"https:\/\/conducta-suicida.cisa-uma.es\/index.php?rest_route=\/wp\/v2\/posts\/455","targetHints":{"allow":["GET"]}}],"collection":[{"href":"https:\/\/conducta-suicida.cisa-uma.es\/index.php?rest_route=\/wp\/v2\/posts"}],"about":[{"href":"https:\/\/conducta-suicida.cisa-uma.es\/index.php?rest_route=\/wp\/v2\/types\/post"}],"author":[{"embeddable":true,"href":"https:\/\/conducta-suicida.cisa-uma.es\/index.php?rest_route=\/wp\/v2\/users\/1"}],"replies":[{"embeddable":true,"href":"https:\/\/conducta-suicida.cisa-uma.es\/index.php?rest_route=%2Fwp%2Fv2%2Fcomments&post=455"}],"version-history":[{"count":4,"href":"https:\/\/conducta-suicida.cisa-uma.es\/index.php?rest_route=\/wp\/v2\/posts\/455\/revisions"}],"predecessor-version":[{"id":460,"href":"https:\/\/conducta-suicida.cisa-uma.es\/index.php?rest_route=\/wp\/v2\/posts\/455\/revisions\/460"}],"wp:featuredmedia":[{"embeddable":true,"href":"https:\/\/conducta-suicida.cisa-uma.es\/index.php?rest_route=\/wp\/v2\/media\/457"}],"wp:attachment":[{"href":"https:\/\/conducta-suicida.cisa-uma.es\/index.php?rest_route=%2Fwp%2Fv2%2Fmedia&parent=455"}],"wp:term":[{"taxonomy":"category","embeddable":true,"href":"https:\/\/conducta-suicida.cisa-uma.es\/index.php?rest_route=%2Fwp%2Fv2%2Fcategories&post=455"},{"taxonomy":"post_tag","embeddable":true,"href":"https:\/\/conducta-suicida.cisa-uma.es\/index.php?rest_route=%2Fwp%2Fv2%2Ftags&post=455"}],"curies":[{"name":"wp","href":"https:\/\/api.w.org\/{rel}","templated":true}]}}