{"id":379,"date":"2023-11-13T09:59:29","date_gmt":"2023-11-13T08:59:29","guid":{"rendered":"https:\/\/conducta-suicida.cisa-uma.es\/?p=379"},"modified":"2023-12-05T11:23:32","modified_gmt":"2023-12-05T10:23:32","slug":"el-numero-de-casos-de-suicidio-entre-personas-mayores-de-60-anos-sigue-en-aumento-15-10-23","status":"publish","type":"post","link":"https:\/\/conducta-suicida.cisa-uma.es\/?p=379","title":{"rendered":"El n\u00famero de casos de suicidio entre personas mayores de 60 a\u00f1os sigue en aumento (15\/10\/23)"},"content":{"rendered":"\t\t<div data-elementor-type=\"wp-post\" data-elementor-id=\"379\" class=\"elementor elementor-379\">\n\t\t\t\t<div class=\"elementor-element elementor-element-c893501 e-flex e-con-boxed e-con e-parent\" data-id=\"c893501\" data-element_type=\"container\" data-e-type=\"container\">\n\t\t\t\t\t<div class=\"e-con-inner\">\n\t\t\t\t<div class=\"elementor-element elementor-element-43e31e7 elementor-widget elementor-widget-heading\" data-id=\"43e31e7\" data-element_type=\"widget\" data-e-type=\"widget\" data-widget_type=\"heading.default\">\n\t\t\t\t<div class=\"elementor-widget-container\">\n\t\t\t\t\t<h2 class=\"elementor-heading-title elementor-size-default\"><a href=\"https:\/\/isanidad.com\/262270\/el-numero-de-casos-de-suicidio-entre-personas-mayores-de-60-anos-sigue-en-aumento\/\">Enlace a la noticia<\/a><\/h2>\t\t\t\t<\/div>\n\t\t\t\t<\/div>\n\t\t\t\t<div class=\"elementor-element elementor-element-7df7b8f elementor-widget elementor-widget-text-editor\" data-id=\"7df7b8f\" data-element_type=\"widget\" data-e-type=\"widget\" data-widget_type=\"text-editor.default\">\n\t\t\t\t<div class=\"elementor-widget-container\">\n\t\t\t\t\t\t\t\t\t<p>El suicidio en personas mayores es un desaf\u00edo en crecimiento<\/p><p>Las estad\u00edsticas sobre el suicidio en personas mayores siguen siendo motivo de preocupaci\u00f3n. Seg\u00fan los datos m\u00e1s recientes proporcionados por la Fundaci\u00f3n Espa\u00f1ola para la Prevenci\u00f3n del Suicidio, correspondientes al a\u00f1o 2022, el n\u00famero de casos de suicidio entre personas mayores de 60 a\u00f1os sigue en aumento. Fueron 1.638 personas mayores decidieron quitarse la vida, en comparaci\u00f3n con las 1.591 del a\u00f1o anterior. Estas cifras revelan que el 40% de las personas que se quitaron la vida el a\u00f1o pasado eran mayores.<\/p><p>\u201cLa vejez es una etapa en la que suele abrirse una brecha entre distintos grupos de edad. Mientras que las generaciones m\u00e1s j\u00f3venes llevan a cabo una vida activa, muchos mayores no saben c\u00f3mo mantenerse ocupados o acompa\u00f1ados durante su d\u00eda a d\u00eda, lo que lleva a muchos a sentirse solos\u201c, explica Jordi Navarro, responsable acad\u00e9mico de Deusto Salud.<\/p><p>Estas cifras revelan que el 40% de las personas que practicaron el suicidio el a\u00f1o pasado eran mayores<\/p><p>Diversas instituciones de salud han tomado medidas para concienciar y educar a las personas mayores sobre la importancia de mantener un estilo de vida activo. Sin embargo, la sociedad en su conjunto desempe\u00f1a un papel fundamental en el bienestar de las personas mayores. \u201cEl acompa\u00f1amiento a las personas mayores es esencial para garantizar su salud mental e incluso, en algunas ocasiones, tambi\u00e9n su salud f\u00edsica\u201c, se\u00f1ala Navarro. Esto se vuelve a\u00fan m\u00e1s cr\u00edtico a medida que la poblaci\u00f3n de personas mayores aumenta. Seg\u00fan un informe de Adecco basado en datos del INE, el envejecimiento de la poblaci\u00f3n aument\u00f3 un 133% en 2022. Por lo tanto, Navarro destaca que \u201cincrementar la atenci\u00f3n al cuidado de nuestros mayores es ahora m\u00e1s crucial que nunca para evitar un deterioro en su salud en general\u201c.<\/p><p>El bienestar o malestar de las personas mayores a menudo est\u00e1 relacionado con su vida laboral, su situaci\u00f3n de vivienda, sus relaciones familiares y sociales. Todos son aspectos que no siempre se pueden controlar y para los cuales a veces requieren la ayuda de profesionales de la salud. Sin embargo, existen medidas que se pueden tomar para mejorar la calidad de vida de los mayores y hacer que la vejez sea una etapa agradable. Deusto Salud, un centro de formaci\u00f3n que ofrece programas en el sector de la salud y el bienestar, ofrece 5 consejos para acompa\u00f1ar a las personas mayores y alentarlas a mantener un estilo de vida activo en todos los aspectos como fomentar su independencia, establecer una rutina saludable, estar al tanto de su salud, mantener comunicaci\u00f3n y apoyo emocional y buscar ayuda profesional.<\/p>\t\t\t\t\t\t\t\t<\/div>\n\t\t\t\t<\/div>\n\t\t\t\t\t<\/div>\n\t\t\t\t<\/div>\n\t\t\t\t<\/div>\n\t\t","protected":false},"excerpt":{"rendered":"<p>Enlace a la noticia El suicidio en personas mayores es un desaf\u00edo en crecimiento Las estad\u00edsticas sobre el suicidio en personas mayores siguen siendo motivo de preocupaci\u00f3n. Seg\u00fan los datos m\u00e1s recientes proporcionados por la Fundaci\u00f3n Espa\u00f1ola para la Prevenci\u00f3n del Suicidio, correspondientes al a\u00f1o 2022, el n\u00famero de casos de suicidio entre personas mayores&hellip;&nbsp;<a href=\"https:\/\/conducta-suicida.cisa-uma.es\/?p=379\" rel=\"bookmark\">Leer m\u00e1s &raquo;<span class=\"screen-reader-text\">El n\u00famero de casos de suicidio entre personas mayores de 60 a\u00f1os sigue en aumento (15\/10\/23)<\/span><\/a><\/p>\n","protected":false},"author":1,"featured_media":381,"comment_status":"open","ping_status":"open","sticky":false,"template":"","format":"standard","meta":{"neve_meta_sidebar":"","neve_meta_container":"","neve_meta_enable_content_width":"","neve_meta_content_width":0,"neve_meta_title_alignment":"","neve_meta_author_avatar":"","neve_post_elements_order":"","neve_meta_disable_header":"","neve_meta_disable_footer":"","neve_meta_disable_title":"","footnotes":""},"categories":[1],"tags":[],"class_list":["post-379","post","type-post","status-publish","format-standard","has-post-thumbnail","hentry","category-sin-categoria"],"_links":{"self":[{"href":"https:\/\/conducta-suicida.cisa-uma.es\/index.php?rest_route=\/wp\/v2\/posts\/379","targetHints":{"allow":["GET"]}}],"collection":[{"href":"https:\/\/conducta-suicida.cisa-uma.es\/index.php?rest_route=\/wp\/v2\/posts"}],"about":[{"href":"https:\/\/conducta-suicida.cisa-uma.es\/index.php?rest_route=\/wp\/v2\/types\/post"}],"author":[{"embeddable":true,"href":"https:\/\/conducta-suicida.cisa-uma.es\/index.php?rest_route=\/wp\/v2\/users\/1"}],"replies":[{"embeddable":true,"href":"https:\/\/conducta-suicida.cisa-uma.es\/index.php?rest_route=%2Fwp%2Fv2%2Fcomments&post=379"}],"version-history":[{"count":7,"href":"https:\/\/conducta-suicida.cisa-uma.es\/index.php?rest_route=\/wp\/v2\/posts\/379\/revisions"}],"predecessor-version":[{"id":427,"href":"https:\/\/conducta-suicida.cisa-uma.es\/index.php?rest_route=\/wp\/v2\/posts\/379\/revisions\/427"}],"wp:featuredmedia":[{"embeddable":true,"href":"https:\/\/conducta-suicida.cisa-uma.es\/index.php?rest_route=\/wp\/v2\/media\/381"}],"wp:attachment":[{"href":"https:\/\/conducta-suicida.cisa-uma.es\/index.php?rest_route=%2Fwp%2Fv2%2Fmedia&parent=379"}],"wp:term":[{"taxonomy":"category","embeddable":true,"href":"https:\/\/conducta-suicida.cisa-uma.es\/index.php?rest_route=%2Fwp%2Fv2%2Fcategories&post=379"},{"taxonomy":"post_tag","embeddable":true,"href":"https:\/\/conducta-suicida.cisa-uma.es\/index.php?rest_route=%2Fwp%2Fv2%2Ftags&post=379"}],"curies":[{"name":"wp","href":"https:\/\/api.w.org\/{rel}","templated":true}]}}