{"id":370,"date":"2023-11-11T09:49:49","date_gmt":"2023-11-11T08:49:49","guid":{"rendered":"https:\/\/conducta-suicida.cisa-uma.es\/?p=370"},"modified":"2023-12-05T11:23:58","modified_gmt":"2023-12-05T10:23:58","slug":"la-diputacion-de-malaga-organiza-una-jornada-sobre-la-prevencion-del-suicidio-dirigida-a-profesionales-de-la-sanidad-la-educacion-y-los-servicios-sociales-16-03-23","status":"publish","type":"post","link":"https:\/\/conducta-suicida.cisa-uma.es\/?p=370","title":{"rendered":"La Diputaci\u00f3n de M\u00e1laga organiza una jornada sobre la prevenci\u00f3n del suicidio dirigida a profesionales de la sanidad, la educaci\u00f3n y los servicios sociales (16\/03\/23)"},"content":{"rendered":"\t\t<div data-elementor-type=\"wp-post\" data-elementor-id=\"370\" class=\"elementor elementor-370\">\n\t\t\t\t<div class=\"elementor-element elementor-element-092347d e-flex e-con-boxed e-con e-parent\" data-id=\"092347d\" data-element_type=\"container\" data-e-type=\"container\">\n\t\t\t\t\t<div class=\"e-con-inner\">\n\t\t\t\t<div class=\"elementor-element elementor-element-63396fb elementor-widget elementor-widget-text-editor\" data-id=\"63396fb\" data-element_type=\"widget\" data-e-type=\"widget\" data-widget_type=\"text-editor.default\">\n\t\t\t\t<div class=\"elementor-widget-container\">\n\t\t\t\t\t\t\t\t\t<p>La Diputaci\u00f3n de M\u00e1laga organiza una jornada sobre la prevenci\u00f3n del suicidio dirigida a profesionales de la sanidad, la educaci\u00f3n y los servicios sociales<\/p>\n<p><\/p>\n<p>La jornada \u2018Conectamos con la vida\u2019 se celebrar\u00e1 el 28 de marzo en el Auditorio Edgar Neville de la Diputaci\u00f3n<\/p>\n<p><\/p>\n<p>Habr\u00e1 una mesa de di\u00e1logo entre asociaciones, una charla ofrecida por una psiquiatra experta en este campo, y compartir\u00e1n sus experiencias familiares y personas supervivientes<\/p>\n<p><\/p>\n<p>El diputado de Tercer Sector, Francisco Jos\u00e9 Mart\u00edn, ha destacado que \u00abse trata de un problema de salud p\u00fablica y tambi\u00e9n de un problema social que nos ata\u00f1e a todos, y su prevenci\u00f3n requiere del trabajo conjunto y coordinado de profesionales de la salud, la educaci\u00f3n, familias y administraci\u00f3n\u00bb<\/p>\n<p><\/p>\n<p>(Prensa Diputaci\u00f3n) La Diputaci\u00f3n de M\u00e1laga celebrar\u00e1 una jornada sobre el abordaje y la prevenci\u00f3n de las conductas suicidas. La jornada \u2018Conectamos con la vida\u2019, dirigida a profesionales de la sanidad, la educaci\u00f3n y los servicios sociales, se celebrar\u00e1 el 28 de marzo en el Auditorio Edgar Neville.<\/p>\n<p><\/p>\n<p>As\u00ed lo ha dado a conocer el diputado de Tercer Sector, Francisco Jos\u00e9 Mart\u00edn, junto a representantes de las asociaciones Tel\u00e9fono de la Esperanza, AFESOL, AFENES y Alhel\u00ed, durante la rueda de prensa de presentaci\u00f3n de esta jornada que tiene como objetivo conocer y analizar los distintos factores implicados en la ideaci\u00f3n y la conducta suicida para poder prevenirlas.<\/p>\n<p><\/p>\n<p>\u00abSe trata de un problema de salud p\u00fablica y tambi\u00e9n de un problema social que nos ata\u00f1e a todos, y su prevenci\u00f3n requiere del trabajo conjunto y coordinado de profesionales de la salud, la educaci\u00f3n, familias y administraci\u00f3n\u00bb, ha destacado el diputado.<\/p>\n<p><\/p>\n<p>La jornada comenzar\u00e1 a las 10.00 horas con una mesa de di\u00e1logo sobre \u2018Las asociaciones como herramienta para abordar las conductas suicidas\u2019. A partir de las 11.30 horas, la psiquiatra Luc\u00eda P\u00e9rez Castilla, que desarrolla su labor en el Hospital Universitario de M\u00e1laga, en el Instituto de Neurociencia y Salud y en la Universidad de M\u00e1laga, ofrecer\u00e1 una charla sobre la prevenci\u00f3n del suicidio en la escuela. Por \u00faltimo, compartir\u00e1n sus experiencias personales y profesionales varios representantes de las asociaciones participantes, y familiares y supervivientes que ahora colaboran con ellas.<\/p>\n<p><\/p>\n<p>Asociaciones participantes<\/p>\n<p><span style=\"color: var( --e-global-color-text ); font-family: var( --e-global-typography-text-font-family ), Sans-serif; font-weight: var( --e-global-typography-text-font-weight ); text-align: var(--text-align); background-color: var(--nv-site-bg); font-size: var(--bodyfontsize); letter-spacing: var(--bodyletterspacing); text-transform: var(--bodytexttransform);\">TEL\u00c9FONO DE LA ESPERANZA<br><br>La Asociaci\u00f3n Tel\u00e9fono de la Esperanza se fund\u00f3 en 1971 y lleg\u00f3 a M\u00e1laga en 1976. Su misi\u00f3n es promover la salud emocional de las personas, especialmente de aquellas que se encuentran en situaci\u00f3n de crisis. Se trata de un servicio gratuito y an\u00f3nimo con un voluntariado cualificado y con amplia formaci\u00f3n permanente que trabaja en diferentes \u00e1reas, desde la intervenci\u00f3n en crisis de forma telef\u00f3nica las 24 horas del d\u00eda y los 365 d\u00edas del a\u00f1o, hasta la colaboraci\u00f3n internacional y el trabajo en red a trav\u00e9s de convenios con diferentes pa\u00edses de Europa y Am\u00e9rica, pasando por la intervenci\u00f3n especializada en psicolog\u00eda, trabajo social y jur\u00eddica, tanto presencial como online.<\/span><br><\/p>\n<p>La asociaci\u00f3n cuenta con programas como \u2018La br\u00fajula de la esperanza\u2019 para la prevenci\u00f3n de la soledad; \u2018Prevenci\u00f3n para j\u00f3venes y adolescentes: chat de la esperanza\u2019 o \u2018Ayuda mutua\u2019 de atenci\u00f3n a supervivientes de suicidio.<\/p>\n<p>AFENES<\/p>\n<p>La Asociaci\u00f3n de Familias de Enfermos Esquizofr\u00e9nicos (AFENES) es una asociaci\u00f3n sin \u00e1nimo de lucro fundada en 1992 cuya misi\u00f3n consiste en mejorar la calidad de vida de las personas con problemas de salud mental y de sus familiares, adem\u00e1s de la defensa de sus derechos y la lucha contra el estigma social. Para alcanzar este objetivo acompa\u00f1an en los procesos de recuperaci\u00f3n centr\u00e1ndose en las necesidades de las personas y desarrollando acciones de reivindicaci\u00f3n y sensibilizaci\u00f3n.<\/p>\n<p>AFESOL<\/p>\n<p>La Asociaci\u00f3n de Familiares y Personas con Enfermedad Mental de la Costa del Sol (AFESOL) es una asociaci\u00f3n sin \u00e1nimo de lucro con sede en Benalm\u00e1dena formada en 1999 por familiares y personas con enfermedad mental unidas para mejorar la calidad de vida de las personas con problemas de salud mental, reivindicar mejoras en esta materia en la provincia, apoyar a los familiares y a las personas con enfermedad mental en sus relaciones con la administraci\u00f3n, promover la sensibilizaci\u00f3n social y luchar contra el estigma.<\/p>\n<p>ALHEL\u00cd<\/p>\n<p>La Asociaci\u00f3n Alhel\u00ed naci\u00f3 en el 2016 con la finalidad de acompa\u00f1ar a las personas en el proceso de duelo y prevenir el duelo patol\u00f3gico a trav\u00e9s de grupos de ayuda mutua, atenci\u00f3n psicosocial especializada y formaci\u00f3n.<\/p>\t\t\t\t\t\t\t\t<\/div>\n\t\t\t\t<\/div>\n\t\t\t\t\t<\/div>\n\t\t\t\t<\/div>\n\t\t\t\t<\/div>\n\t\t","protected":false},"excerpt":{"rendered":"<p>La Diputaci\u00f3n de M\u00e1laga organiza una jornada sobre la prevenci\u00f3n del suicidio dirigida a profesionales de la sanidad, la educaci\u00f3n y los servicios sociales La jornada \u2018Conectamos con la vida\u2019 se celebrar\u00e1 el 28 de marzo en el Auditorio Edgar Neville de la Diputaci\u00f3n Habr\u00e1 una mesa de di\u00e1logo entre asociaciones, una charla ofrecida por&hellip;&nbsp;<a href=\"https:\/\/conducta-suicida.cisa-uma.es\/?p=370\" rel=\"bookmark\">Leer m\u00e1s &raquo;<span class=\"screen-reader-text\">La Diputaci\u00f3n de M\u00e1laga organiza una jornada sobre la prevenci\u00f3n del suicidio dirigida a profesionales de la sanidad, la educaci\u00f3n y los servicios sociales (16\/03\/23)<\/span><\/a><\/p>\n","protected":false},"author":1,"featured_media":372,"comment_status":"open","ping_status":"open","sticky":false,"template":"","format":"standard","meta":{"neve_meta_sidebar":"","neve_meta_container":"","neve_meta_enable_content_width":"","neve_meta_content_width":0,"neve_meta_title_alignment":"","neve_meta_author_avatar":"","neve_post_elements_order":"","neve_meta_disable_header":"","neve_meta_disable_footer":"","neve_meta_disable_title":"","footnotes":""},"categories":[1],"tags":[],"class_list":["post-370","post","type-post","status-publish","format-standard","has-post-thumbnail","hentry","category-sin-categoria"],"_links":{"self":[{"href":"https:\/\/conducta-suicida.cisa-uma.es\/index.php?rest_route=\/wp\/v2\/posts\/370","targetHints":{"allow":["GET"]}}],"collection":[{"href":"https:\/\/conducta-suicida.cisa-uma.es\/index.php?rest_route=\/wp\/v2\/posts"}],"about":[{"href":"https:\/\/conducta-suicida.cisa-uma.es\/index.php?rest_route=\/wp\/v2\/types\/post"}],"author":[{"embeddable":true,"href":"https:\/\/conducta-suicida.cisa-uma.es\/index.php?rest_route=\/wp\/v2\/users\/1"}],"replies":[{"embeddable":true,"href":"https:\/\/conducta-suicida.cisa-uma.es\/index.php?rest_route=%2Fwp%2Fv2%2Fcomments&post=370"}],"version-history":[{"count":10,"href":"https:\/\/conducta-suicida.cisa-uma.es\/index.php?rest_route=\/wp\/v2\/posts\/370\/revisions"}],"predecessor-version":[{"id":430,"href":"https:\/\/conducta-suicida.cisa-uma.es\/index.php?rest_route=\/wp\/v2\/posts\/370\/revisions\/430"}],"wp:featuredmedia":[{"embeddable":true,"href":"https:\/\/conducta-suicida.cisa-uma.es\/index.php?rest_route=\/wp\/v2\/media\/372"}],"wp:attachment":[{"href":"https:\/\/conducta-suicida.cisa-uma.es\/index.php?rest_route=%2Fwp%2Fv2%2Fmedia&parent=370"}],"wp:term":[{"taxonomy":"category","embeddable":true,"href":"https:\/\/conducta-suicida.cisa-uma.es\/index.php?rest_route=%2Fwp%2Fv2%2Fcategories&post=370"},{"taxonomy":"post_tag","embeddable":true,"href":"https:\/\/conducta-suicida.cisa-uma.es\/index.php?rest_route=%2Fwp%2Fv2%2Ftags&post=370"}],"curies":[{"name":"wp","href":"https:\/\/api.w.org\/{rel}","templated":true}]}}