{"id":31,"date":"2023-11-12T12:25:22","date_gmt":"2023-11-12T11:25:22","guid":{"rendered":"https:\/\/conducta-suicida.cisa-uma.es\/?p=31"},"modified":"2023-11-15T10:54:15","modified_gmt":"2023-11-15T09:54:15","slug":"la-diputacion-acoge-un-encuentro-centrado-en-planes-y-acciones-para-la-prevencion-de-la-conducta-suicida","status":"publish","type":"post","link":"https:\/\/conducta-suicida.cisa-uma.es\/?p=31","title":{"rendered":"La Diputaci\u00f3n de M\u00e1laga colabora con la I caminata solidaria &#8216;Conectamos con la vida&#8217; (17\/11\/23)"},"content":{"rendered":"\t\t<div data-elementor-type=\"wp-post\" data-elementor-id=\"31\" class=\"elementor elementor-31\">\n\t\t\t\t<div class=\"elementor-element elementor-element-cf037fd e-flex e-con-boxed e-con e-parent\" data-id=\"cf037fd\" data-element_type=\"container\" data-e-type=\"container\">\n\t\t\t\t\t<div class=\"e-con-inner\">\n\t\t\t\t<div class=\"elementor-element elementor-element-e255c7f elementor-widget elementor-widget-text-editor\" data-id=\"e255c7f\" data-element_type=\"widget\" data-e-type=\"widget\" data-widget_type=\"text-editor.default\">\n\t\t\t\t<div class=\"elementor-widget-container\">\n\t\t\t\t\t\t\t\t\t<p>La Diputaci\u00f3n de M\u00e1laga colabora con la I caminata solidaria &#8216;Conectamos con la vida&#8217;<\/p>\n<p>La Diputaci\u00f3n de M\u00e1laga colabora con la I caminata solidaria &#8216;Conectamos con la vida&#8217; que se celebrar\u00e1 el pr\u00f3ximo s\u00e1bado, 21 de octubre, en el paseo mar\u00edtimo Antonio Banderas de la capital malague\u00f1a, de 10 a 12 horas, y cuyo objetivo es prevenir y concienciar a la sociedad sobre la conducta suicida.<\/p>\n<p>Leer m\u00e1s: https:\/\/www.europapress.es\/andalucia\/malaga-00356\/noticia-diputacion-malaga-colabora-caminata-solidaria-conectamos-vida-20231017131851.html<\/p>\n<p>(c) 2023 Europa Press. Est\u00e1 expresamente prohibida la redistribuci\u00f3n y la redifusi\u00f3n de este contenido sin su previo y expreso consentimiento.<\/p>\t\t\t\t\t\t\t\t<\/div>\n\t\t\t\t<\/div>\n\t\t\t\t\t<\/div>\n\t\t\t\t<\/div>\n\t\t\t\t<\/div>\n\t\t","protected":false},"excerpt":{"rendered":"<p>Francisco Salado incide en la importancia del trabajo conjunto entre instituciones, profesionales y entidades sociales para implicar tambi\u00e9n a la sociedad en este problema<\/p>\n","protected":false},"author":1,"featured_media":254,"comment_status":"open","ping_status":"open","sticky":false,"template":"","format":"standard","meta":{"neve_meta_sidebar":"","neve_meta_container":"","neve_meta_enable_content_width":"","neve_meta_content_width":0,"neve_meta_title_alignment":"","neve_meta_author_avatar":"","neve_post_elements_order":"","neve_meta_disable_header":"","neve_meta_disable_footer":"","neve_meta_disable_title":"","footnotes":""},"categories":[1],"tags":[],"class_list":["post-31","post","type-post","status-publish","format-standard","has-post-thumbnail","hentry","category-sin-categoria"],"_links":{"self":[{"href":"https:\/\/conducta-suicida.cisa-uma.es\/index.php?rest_route=\/wp\/v2\/posts\/31","targetHints":{"allow":["GET"]}}],"collection":[{"href":"https:\/\/conducta-suicida.cisa-uma.es\/index.php?rest_route=\/wp\/v2\/posts"}],"about":[{"href":"https:\/\/conducta-suicida.cisa-uma.es\/index.php?rest_route=\/wp\/v2\/types\/post"}],"author":[{"embeddable":true,"href":"https:\/\/conducta-suicida.cisa-uma.es\/index.php?rest_route=\/wp\/v2\/users\/1"}],"replies":[{"embeddable":true,"href":"https:\/\/conducta-suicida.cisa-uma.es\/index.php?rest_route=%2Fwp%2Fv2%2Fcomments&post=31"}],"version-history":[{"count":10,"href":"https:\/\/conducta-suicida.cisa-uma.es\/index.php?rest_route=\/wp\/v2\/posts\/31\/revisions"}],"predecessor-version":[{"id":260,"href":"https:\/\/conducta-suicida.cisa-uma.es\/index.php?rest_route=\/wp\/v2\/posts\/31\/revisions\/260"}],"wp:featuredmedia":[{"embeddable":true,"href":"https:\/\/conducta-suicida.cisa-uma.es\/index.php?rest_route=\/wp\/v2\/media\/254"}],"wp:attachment":[{"href":"https:\/\/conducta-suicida.cisa-uma.es\/index.php?rest_route=%2Fwp%2Fv2%2Fmedia&parent=31"}],"wp:term":[{"taxonomy":"category","embeddable":true,"href":"https:\/\/conducta-suicida.cisa-uma.es\/index.php?rest_route=%2Fwp%2Fv2%2Fcategories&post=31"},{"taxonomy":"post_tag","embeddable":true,"href":"https:\/\/conducta-suicida.cisa-uma.es\/index.php?rest_route=%2Fwp%2Fv2%2Ftags&post=31"}],"curies":[{"name":"wp","href":"https:\/\/api.w.org\/{rel}","templated":true}]}}