{"id":252,"date":"2023-11-15T08:53:50","date_gmt":"2023-11-15T07:53:50","guid":{"rendered":"https:\/\/conducta-suicida.cisa-uma.es\/?p=252"},"modified":"2023-11-15T10:54:56","modified_gmt":"2023-11-15T09:54:56","slug":"la-noria-impulsa-la-tecnologia-como-herramienta-para-abordar-retos-problematicas-sociales-y-medioambientales-24-11-23-copy","status":"publish","type":"post","link":"https:\/\/conducta-suicida.cisa-uma.es\/?p=252","title":{"rendered":"La Noria impulsa la tecnolog\u00eda como herramienta para abordar retos, problem\u00e1ticas sociales y medioambientales (24\/11\/23)"},"content":{"rendered":"\t\t<div data-elementor-type=\"wp-post\" data-elementor-id=\"252\" class=\"elementor elementor-252\">\n\t\t\t\t<div class=\"elementor-element elementor-element-797ac7a e-flex e-con-boxed e-con e-parent\" data-id=\"797ac7a\" data-element_type=\"container\" data-e-type=\"container\">\n\t\t\t\t\t<div class=\"e-con-inner\">\n\t\t\t\t<div class=\"elementor-element elementor-element-d6139c7 elementor-widget elementor-widget-heading\" data-id=\"d6139c7\" data-element_type=\"widget\" data-e-type=\"widget\" data-widget_type=\"heading.default\">\n\t\t\t\t<div class=\"elementor-widget-container\">\n\t\t\t\t\t<h2 class=\"elementor-heading-title elementor-size-default\"><a href=\"https:\/\/www.malaga.es\/lanoria\/3603\/com1_md-3\/com1_md3_cd-48824\/la-noria-impulsa-la-tecnologia-como-herramienta-para-abordar-retos-problematicas-sociales-y-medioambientales\">Enlace a la noticia<\/a><\/h2>\t\t\t\t<\/div>\n\t\t\t\t<\/div>\n\t\t\t\t<div class=\"elementor-element elementor-element-ba75cf5 elementor-widget elementor-widget-text-editor\" data-id=\"ba75cf5\" data-element_type=\"widget\" data-e-type=\"widget\" data-widget_type=\"text-editor.default\">\n\t\t\t\t<div class=\"elementor-widget-container\">\n\t\t\t\t\t\t\t\t\t<p>El centro de innovaci\u00f3n social La Noria de la Diputaci\u00f3n de M\u00e1laga impulsa la tecnolog\u00eda como herramienta para abordar retos, problem\u00e1ticas sociales y medioambientales. Con este objetivo, La Noria ha celebrado hoy una jornada que ha servido para formar e inspirar a emprendedores y a entidades del tercer sector de la provincia para el uso de la tecnolog\u00eda con impacto social, as\u00ed como para su incorporaci\u00f3n a nuevos proyectos.<\/p><p>La jornada \u2018Innovaci\u00f3n Social Digital para los retos de hoy\u2019 ha contado con la participaci\u00f3n de profesionales referentes de la inteligencia artificial y la tecnolog\u00eda, as\u00ed como ejemplos de buenas pr\u00e1cticas de emprendimiento social y digital locales.<\/p><p>En este sentido, la vicepresidenta de Ciudadan\u00eda y Equilibrio Territorial, Antonia Ledesma, ha resaltado la importancia de que la industria tecnol\u00f3gica incorpore la perspectiva y valores de lo social, as\u00ed como que el tercer sector vincule la tecnolog\u00eda a los proyectos, para que sus efectos sean multiplicadores en los beneficios para la sociedad.<\/p><p>Asimismo, Ledesma ha a\u00f1adido que \u201cLa Noria apuesta de forma clara por lo digital, lo tecnol\u00f3gico, sin duda, es el aliado necesario para construir y ayudar a los colectivos m\u00e1s vulnerables, y apoyar con nuevas formas que palien los efectos de la crisis clim\u00e1tica y social\u201d.<\/p><p>La jornada, que ha contado con la colaboraci\u00f3n de la Asociaci\u00f3n Arrabal AID, ha reunido a un centenar de emprendedores, entidades sociales y empresas del ecosistema digital e iniciativas de econom\u00eda social comprometidas con la innovaci\u00f3n y el emprendimiento social digital en la provincia.<\/p><p>\u2018Innovaci\u00f3n Social Digital para los retos de hoy\u2019<\/p><p>La ponencia principal, sobre la Inteligencia Artificial para el cambio social ha corrido a cargo de Luc\u00eda Velasco, economista especializada en el impacto social de la tecnolog\u00eda, experta independiente para la Comisi\u00f3n Europea y Eurofound en el \u00e1mbito de la gobernanza tecnol\u00f3gica.<\/p><p>Tambi\u00e9n ha tenido lugar una mesa debate donde se ha abordado las alianzas para el desarrollo tecnol\u00f3gico-digital y social que ha sido moderada por Santiago Bustamante, periodista cultural en Radio3, referente en tecnolog\u00eda y tendencias, y director cultural del Museo OXO del Videojuego y ha contado con la participaci\u00f3n de Carmen Gonz\u00e1lez, responsable del ecosistema emprendedor en el Polo Nacional de Contenidos Digitales (Ayuntamiento de M\u00e1laga); Luis Gonz\u00e1lez, director de proyecto 42 M\u00e1laga de Fundaci\u00f3n Telef\u00f3nica; Juan Luis Cruz, director General Consorcio \u2018Fernando de los R\u00edos\u2019\u00a0 de la Red Vuela Guadalinfo (Junta de Andaluc\u00eda); Guillem Porres, coordinador de proyectos de e-Inclusi\u00f3n en Fundaci\u00f3n Esplai y miembro de la Oficina T\u00e9cnica de la Plataforma Red Conecta; y Tom\u00e1s Marcos, responsable proyecto YBS Social Tech Labt y director de Incidencia de Fundaci\u00f3n Youth Business Spain.<\/p><p>Tambi\u00e9n se ha celebrado la \u2018Mesa tecnol\u00f3gica para la vida\u2019, que ha tratado tres retos diferentes y ha sido moderada por Dem\u00f3filo Pel\u00e1ez, periodista especializado en el ecosistema de tecnolog\u00eda, innovaci\u00f3n y startups de M\u00e1laga.<\/p><p>El reto \u2018Transformaci\u00f3n tecnol\u00f3gica accesible a todas las personas\u2019 ha sido abordado por Antonio Llorente, director general de la Asociaci\u00f3n La Rueca, entidad madrile\u00f1a que cuenta con un Centro Social Virtual para la atenci\u00f3n y acompa\u00f1amiento social gratuito, junto a Antonio Garc\u00eda, coordinador de Tecnolog\u00eda y Entidades en Techsoup Spain, entidad sin \u00e1nimo de lucro con la misi\u00f3n de ayudar a entidades del tercer sector en su proceso de transformaci\u00f3n digital\u00a0 poniendo a su alcance la tecnolog\u00eda de las empresas l\u00edderes.<\/p><p>En la mesa sobre el reto \u2018Movilidad Sostenible \u2013 Vivienda y soledad en la Tercera Edad\u2019 ha participado Marian Jim\u00e9nez, pedagoga especializada en innovaci\u00f3n educativa y creadora de la plataforma colaborativa Childfy que conecta a familias que desean compartir trayectos a centros educativos y actividades extraescolares. Tambi\u00e9n ha contado su experiencia Natalia Cer\u00f3n, CEO, e Ismael Moreno, director de Tecnolog\u00eda de Hagamos Hogar, plataforma para favorecer el acceso a vivienda compartida, paliando la soledad de las personas mayores y fomentando el di\u00e1logo intergeneracional.<\/p><p>Por \u00faltimo, el reto de \u2018Inclusi\u00f3n Digital &#8211; Salud Mental y Bienestar\u2019, lo ha tratado el emprendedor social Tom\u00e1s P\u00e9rez Benz. Actualmente dirige Albor\u00e1nPlus y ha sido director de proyectos de la Asociaci\u00f3n al Servicio de la Investigaci\u00f3n y la Tecnolog\u00eda (ASIT) con m\u00e1s de tres d\u00e9cadas de trabajo en barrios vulnerables como La Palma-Palmilla para romper la brecha digital. Tambi\u00e9n ha intervenido Jos\u00e9 Ignacio Pel\u00e1ez, catedr\u00e1tico en Computaci\u00f3n de la Universidad de M\u00e1laga y responsable del proyecto de Banco de Datos para el estudio de la conducta suicida con t\u00e9cnicas de Inteligencia Artificial.<\/p><p>El encuentro tambi\u00e9n ha accogido un espacio networking con el objetivo de generar alianzas entre el ecosistema tecnol\u00f3gico y el tercer sector que permitan impulsar nuevas respuestas a los retos sociales y ambientales en la provincia de M\u00e1laga, adem\u00e1s de fomentar la transferencia de conocimiento y las sinergias entre lo rural y urbano, generando nuevas oportunidades que favorezcan el equilibrio territorial.<\/p><p>Igualmente, durante la jornada se le ha dedicado un espacio a la Convocatoria de Ayudas de Innovaci\u00f3n Social, que se enmarca dentro del convenio de colaboraci\u00f3n entre la Fundaci\u00f3n \u201dla Caixa\u201d y la Diputaci\u00f3n de M\u00e1laga 2023-2024, puesto que este a\u00f1o la convocatoria prestar\u00e1 especial atenci\u00f3n a la dimensi\u00f3n tecnol\u00f3gica y digital de los proyectos.<\/p><p>En este sentido, el delegado territorial de la Fundaci\u00f3n \u201dla Caixa\u201d en Andaluc\u00eda, Ceuta y Melilla, Juan Carlos Barroso, ha asegurado que \u201cnuestro reto es construir una sociedad m\u00e1s justa y con m\u00e1s oportunidades para las personas que m\u00e1s lo necesitan, y lo queremos conseguir a trav\u00e9s del impulso a proyectos innovadores como los que promovemos a trav\u00e9s de La Noria y reforzando nuestro compromiso con el tejido asociativo malague\u00f1o\u201d.<\/p>\t\t\t\t\t\t\t\t<\/div>\n\t\t\t\t<\/div>\n\t\t\t\t\t<\/div>\n\t\t\t\t<\/div>\n\t\t\t\t<\/div>\n\t\t","protected":false},"excerpt":{"rendered":"<p>Enlace a la noticia El centro de innovaci\u00f3n social La Noria de la Diputaci\u00f3n de M\u00e1laga impulsa la tecnolog\u00eda como herramienta para abordar retos, problem\u00e1ticas sociales y medioambientales. Con este objetivo, La Noria ha celebrado hoy una jornada que ha servido para formar e inspirar a emprendedores y a entidades del tercer sector de la&hellip;&nbsp;<a href=\"https:\/\/conducta-suicida.cisa-uma.es\/?p=252\" rel=\"bookmark\">Leer m\u00e1s &raquo;<span class=\"screen-reader-text\">La Noria impulsa la tecnolog\u00eda como herramienta para abordar retos, problem\u00e1ticas sociales y medioambientales (24\/11\/23)<\/span><\/a><\/p>\n","protected":false},"author":1,"featured_media":247,"comment_status":"open","ping_status":"open","sticky":false,"template":"","format":"standard","meta":{"neve_meta_sidebar":"","neve_meta_container":"","neve_meta_enable_content_width":"","neve_meta_content_width":0,"neve_meta_title_alignment":"","neve_meta_author_avatar":"","neve_post_elements_order":"","neve_meta_disable_header":"","neve_meta_disable_footer":"","neve_meta_disable_title":"","footnotes":""},"categories":[1],"tags":[],"class_list":["post-252","post","type-post","status-publish","format-standard","has-post-thumbnail","hentry","category-sin-categoria"],"_links":{"self":[{"href":"https:\/\/conducta-suicida.cisa-uma.es\/index.php?rest_route=\/wp\/v2\/posts\/252","targetHints":{"allow":["GET"]}}],"collection":[{"href":"https:\/\/conducta-suicida.cisa-uma.es\/index.php?rest_route=\/wp\/v2\/posts"}],"about":[{"href":"https:\/\/conducta-suicida.cisa-uma.es\/index.php?rest_route=\/wp\/v2\/types\/post"}],"author":[{"embeddable":true,"href":"https:\/\/conducta-suicida.cisa-uma.es\/index.php?rest_route=\/wp\/v2\/users\/1"}],"replies":[{"embeddable":true,"href":"https:\/\/conducta-suicida.cisa-uma.es\/index.php?rest_route=%2Fwp%2Fv2%2Fcomments&post=252"}],"version-history":[{"count":4,"href":"https:\/\/conducta-suicida.cisa-uma.es\/index.php?rest_route=\/wp\/v2\/posts\/252\/revisions"}],"predecessor-version":[{"id":264,"href":"https:\/\/conducta-suicida.cisa-uma.es\/index.php?rest_route=\/wp\/v2\/posts\/252\/revisions\/264"}],"wp:featuredmedia":[{"embeddable":true,"href":"https:\/\/conducta-suicida.cisa-uma.es\/index.php?rest_route=\/wp\/v2\/media\/247"}],"wp:attachment":[{"href":"https:\/\/conducta-suicida.cisa-uma.es\/index.php?rest_route=%2Fwp%2Fv2%2Fmedia&parent=252"}],"wp:term":[{"taxonomy":"category","embeddable":true,"href":"https:\/\/conducta-suicida.cisa-uma.es\/index.php?rest_route=%2Fwp%2Fv2%2Fcategories&post=252"},{"taxonomy":"post_tag","embeddable":true,"href":"https:\/\/conducta-suicida.cisa-uma.es\/index.php?rest_route=%2Fwp%2Fv2%2Ftags&post=252"}],"curies":[{"name":"wp","href":"https:\/\/api.w.org\/{rel}","templated":true}]}}